{"id":182,"date":"2023-11-05T17:40:13","date_gmt":"2023-11-05T16:40:13","guid":{"rendered":"https:\/\/www.poulicnybarbershop.sk\/?p=182"},"modified":"2023-11-11T09:34:14","modified_gmt":"2023-11-11T08:34:14","slug":"182","status":"publish","type":"post","link":"https:\/\/www.poulicnybarbershop.sk\/?p=182","title":{"rendered":"Je \u010dast\u00e9 holenie recept na hust\u00fa bradu?"},"content":{"rendered":"<p>[et_pb_section fb_built=&#8221;1&#8243; admin_label=&#8221;Step by Step&#8221; _builder_version=&#8221;4.21.0&#8243; _module_preset=&#8221;default&#8221; collapsed=&#8221;on&#8221; global_colors_info=&#8221;{}&#8221;][et_pb_row _builder_version=&#8221;4.16&#8243; _module_preset=&#8221;default&#8221; global_colors_info=&#8221;{}&#8221;][et_pb_column type=&#8221;4_4&#8243; _builder_version=&#8221;4.16&#8243; _module_preset=&#8221;default&#8221; custom_padding=&#8221;|||&#8221; global_colors_info=&#8221;{}&#8221; custom_padding__hover=&#8221;|||&#8221;][et_pb_divider color=&#8221;rgba(0,0,0,0.09)&#8221; divider_weight=&#8221;3px&#8221; _builder_version=&#8221;4.21.0&#8243; _module_preset=&#8221;default&#8221; global_colors_info=&#8221;{}&#8221;][\/et_pb_divider][et_pb_text _builder_version=&#8221;4.21.0&#8243; _module_preset=&#8221;27ff2627-4070-4add-ac71-ef61ead9375f&#8221; custom_margin=&#8221;||10px||false|false&#8221; global_colors_info=&#8221;{}&#8221;]<\/p>\n<h2>Je \u010dast\u00e9 holenie recept na hust\u00fa bradu ?<\/h2>\n<p>[\/et_pb_text][et_pb_text _builder_version=&#8221;4.21.0&#8243; _module_preset=&#8221;bd7e43c1-0007-4dde-b16d-b1db2e3cce06&#8243; max_width=&#8221;600px&#8221; global_colors_info=&#8221;{}&#8221;]<\/p>\n<p><em>Zabudni na tento m\u00fdtus a zaho\u010f v\u0161etky \u017eiletky !<\/em><br \/><em>Presta\u0148 sa holi\u0165<\/em>! \u00a0<\/p>\n<p>Aj ty si ur\u010dite rozm\u00fd\u0161lal nad t\u00fdm ,\u017ee si nech\u00e1\u0161 zapusti\u0165 tvoj sexi porast. Nemus\u00eds \u010daka\u0165 do novembra, k\u00fdm pr\u00edde v\u00fdzva MOVEMBER. V kr\u00e1tkosti\u2026 Jedn\u00e1 sa o celosvetov\u00fa akciu ktor\u00e1 vznikla v Ausstr\u00e1lii. Ich \u00fasil\u00edm bolo roz\u0161\u00edri\u0165 povedomie o rakovine semenn\u00edkov a prostaty. <br \/>Rast v tomto zimnom obdob\u00ed m\u00e1 aj svoje v\u00fdchody. Hust\u00e1 brada ti m\u00f4\u017ee posl\u00fa\u017ei\u0165 ako \u0161\u00e1la v studenom a chladnom po\u010das\u00ed. Ale sp\u00e4\u0165 k veci. Ako teda zapusti\u0165 hust\u00e9 ochlpenie na tvojej tv\u00e1ry? Na za\u010diatku si treba uvedomi\u0165 ,\u017ee nie v\u017edy sa daj\u00fa docieli\u0165 z\u00e1zraky. Ve\u013ek\u00fa rolu zohr\u00e1va pr\u00e1ve genetika. Zo sk\u00fasenosti viem: \u017ee brada nikdy nerastie pod\u013ea toho ako chceme! Je viacero druhov zarastenia. Niekto m\u00e1 pekn\u00e9 hust\u00e9 ochlpenie, druh\u00fd zasa miesta kde mu ch\u013apky nerast\u00fa a tretia kateg\u00f3ria tzv. perie.<\/p>\n<p>Aby tvoja brada vyzerala ako ozajstn\u00e1 &#8211; nechaj ju jednoducho r\u00e1s\u0165! Bu\u010f trpezliv\u00ed a daj tomu \u010das, aspo\u0148 4 t\u00fd\u017edne bez ak\u00e9hoko\u013evek z\u00e1sahu. Ak neche\u0161 po troch t\u00fd\u017ed\u0148och vyzera\u0165 ako zanedban\u00fd je\u017eek, m\u00e1m pre teba rie\u0161enie. Pri pravidelnej n\u00e1v\u0161teve n\u00e1\u0161ho barber\u0161opu, m\u00f4\u017eeme bradu upravi\u0165, formova\u0165 a ide\u00e1lne tvarova\u0165 pod\u013ea tvojich predst\u00e1v. Za\u010dni u\u017e pri strnisku. POZOR. Ak je to tvoja \u00faplne prv\u00e1 brada, nevie\u0161 ako bude r\u00e1s\u0165, smer hustota alebo r\u00fdchlos\u0165 rastu. V tom pr\u00edpade ju nechaj bez z\u00e1sahu r\u00e1s\u0165 aj 6 t\u00fd\u017ed\u0148ou. Po\u010das cel\u00e9h\u00e9 obdobia ju pozoruj, \u017eiadnom pr\u00edpade neskracuj, nepristrih\u00e1vaj ako by to bol \u017eiv\u00ed plot. Maxim\u00e1lne ju pre\u010des jemnou kefou alebo hust\u00fdm hrebe\u0148om.<\/p>\n<p>[\/et_pb_text][et_pb_image src=&#8221;https:\/\/www.poulicnybarbershop.sk\/wp-content\/uploads\/2023\/11\/1-1.png&#8221; title_text=&#8221;1&#8243; _builder_version=&#8221;4.23&#8243; _module_preset=&#8221;default&#8221; global_colors_info=&#8221;{}&#8221;][\/et_pb_image][\/et_pb_column][\/et_pb_row][\/et_pb_section][et_pb_section fb_built=&#8221;1&#8243; admin_label=&#8221;Step by Step&#8221; _builder_version=&#8221;4.21.0&#8243; _module_preset=&#8221;default&#8221; collapsed=&#8221;on&#8221; global_colors_info=&#8221;{}&#8221;][et_pb_row _builder_version=&#8221;4.16&#8243; _module_preset=&#8221;default&#8221; global_colors_info=&#8221;{}&#8221;][et_pb_column type=&#8221;4_4&#8243; _builder_version=&#8221;4.16&#8243; _module_preset=&#8221;default&#8221; custom_padding=&#8221;|||&#8221; global_colors_info=&#8221;{}&#8221; custom_padding__hover=&#8221;|||&#8221;][et_pb_divider color=&#8221;rgba(0,0,0,0.09)&#8221; divider_weight=&#8221;3px&#8221; _builder_version=&#8221;4.21.0&#8243; _module_preset=&#8221;default&#8221; global_colors_info=&#8221;{}&#8221;][\/et_pb_divider][et_pb_text _builder_version=&#8221;4.21.0&#8243; _module_preset=&#8221;27ff2627-4070-4add-ac71-ef61ead9375f&#8221; custom_margin=&#8221;||10px||false|false&#8221; global_colors_info=&#8221;{}&#8221;]<\/p>\n<h2>Prv\u00fd \u0165\u00fd\u017ede\u0148\u00a0<\/h2>\n<p>[\/et_pb_text][et_pb_text _builder_version=&#8221;4.21.0&#8243; _module_preset=&#8221;bd7e43c1-0007-4dde-b16d-b1db2e3cce06&#8243; max_width=&#8221;600px&#8221; global_colors_info=&#8221;{}&#8221;]<\/p>\n<p>\u00a0 Ak si do teraz mal len hladk\u00fa oholen\u00fa tv\u00e1r, o\u010dak\u00e1vaj mal\u00fd \u0161ok. Mo\u017eno bude\u0161 aj s\u00e1m sebe v zrkadle pripada\u0165 neprirodzene. Ale, je to cel\u00e9 proces a ide len o zvyk. Bude to boj ,ale mus\u00ed\u0161 odola\u0165 &#8211; pocitu okam\u017eit\u00e9ho oholenia &#8211; ! Tvoja poko\u017eka nie je zvyknut\u00e1 na jemn\u00e9 strnisko. Po asi tre\u0165om dni sa dostav\u00ed \u0161kriabanie. M\u00f4\u017ee by\u0165 a\u017e neznesiteln\u00e9! St\u00e1le mus\u00ed\u0161 ale vydr\u017ea\u0165! Pri tejto f\u00e1ze rastu to mno\u017estvo bud\u00facich brad\u00e1\u010dov vzd\u00e1. Nem\u00f4\u017eu sa vyrovan\u0165 s t\u00fdm ,\u017ee ich nie\u010do svrb\u00ed a preto sa oholia. Ty to pr\u00edsm \u0165a nerob. Ide\u00e1lne bude aj odola\u0165 poku\u0161eniu prehnan\u00e9ho \u0161kriabania. Tvoja brada je moment\u00e1lne vo f\u00e1zy rastu, ch\u013apky s\u00fa ostr\u00e9 a samotn\u00e1 poko\u017eka prech\u00e1dza zmenami. Ale aj na toto m\u00e1me u N\u00e1s recept. Pou\u017eijeme kvalitn\u00fd olej \u010di balzam na bradu a \u0161kriabanie zjemn\u00edme alebo \u00faplne eliminujeme. Olejom zjemn\u00edme drsn\u00e9 ch\u013apky, ako bonus im dod\u00e1me lesk a pr\u00edjemn\u00fa v\u00f4\u0148u. Balzamom hidratujeme poko\u017eku pod ochlpen\u00edm a dod\u00e1me jej potrebn\u00e9 \u017eiviny. Sta\u010d\u00ed nanies\u0165 balzam a olej raz za de\u0148, ide\u00e1lne r\u00e1no. <br \/>\u00a0\u00a0<\/p>\n<p>[\/et_pb_text][et_pb_image src=&#8221;https:\/\/www.poulicnybarbershop.sk\/wp-content\/uploads\/2023\/11\/2-kopia-1.png&#8221; title_text=&#8221;2 &#8211; ko\u0301pia&#8221; _builder_version=&#8221;4.23&#8243; _module_preset=&#8221;default&#8221; global_colors_info=&#8221;{}&#8221;][\/et_pb_image][\/et_pb_column][\/et_pb_row][\/et_pb_section][et_pb_section fb_built=&#8221;1&#8243; admin_label=&#8221;Step by Step&#8221; _builder_version=&#8221;4.21.0&#8243; _module_preset=&#8221;default&#8221; collapsed=&#8221;on&#8221; global_colors_info=&#8221;{}&#8221;][et_pb_row _builder_version=&#8221;4.23&#8243; _module_preset=&#8221;default&#8221; global_colors_info=&#8221;{}&#8221;][et_pb_column type=&#8221;4_4&#8243; _builder_version=&#8221;4.16&#8243; _module_preset=&#8221;default&#8221; custom_padding=&#8221;|||&#8221; global_colors_info=&#8221;{}&#8221; custom_padding__hover=&#8221;|||&#8221;][et_pb_divider color=&#8221;rgba(0,0,0,0.09)&#8221; divider_weight=&#8221;3px&#8221; _builder_version=&#8221;4.21.0&#8243; _module_preset=&#8221;default&#8221; global_colors_info=&#8221;{}&#8221;][\/et_pb_divider][et_pb_text _builder_version=&#8221;4.23&#8243; _module_preset=&#8221;27ff2627-4070-4add-ac71-ef61ead9375f&#8221; text_font=&#8221;Nunito||||||||&#8221; text_font_size=&#8221;18px&#8221; text_line_height=&#8221;1.8em&#8221; custom_margin=&#8221;||10px||false|false&#8221; global_colors_info=&#8221;{}&#8221;]<\/p>\n<h2>druh\u00fd t\u00fd\u017ede\u0148<\/h2>\n<p>Tvoja brada za\u010dne nabera\u0165 re\u00e1lne tvary. Pri d\u00f4kladnom pozorovan\u00ed zist\u00ed\u0161, kde je hustej\u0161ia a kde naopak red\u0161ia. Nezab\u00fadaj ,\u017ee ve\u013emi m\u00e1lo mu\u017eov m\u00e1 predispoz\u00edcie na to, aby mu r\u00e1stlo ochlpenie rovnomerne. \u0160tatisticky je to asi 10%. Ostatn\u00edm rastie nerovnomerne, niekde dlh\u0161ie alebo naopak krat\u0161ie. Nemaj \u017eiadne obavy. Ak nech\u00e1\u0161 svoju bradu r\u00e1s\u0165, bude dlh\u0161ia &#8211; t\u00fdm p\u00e1dom na poh\u013ead aj hustej\u0161ia. Ak by si chcel tvojmu porastu pom\u00f4\u0165, aby bol e\u0161te hustej\u0161\u00ed: zastav sa u n\u00e1s v barbershope. Olej i s\u00e9rum na zhustenie brady m\u00e1me v\u017edy skladom. Nzabudni na d\u00f4le\u017eit\u00e9 pokyny: a to pravideln\u00e9 p\u00f4u\u017e\u00edvanie oleja a balzamu na bradu. Ak tvoj majest\u00e1tny porast prestal \u0161kriaba\u0165 a svrbe\u0165 pozor! Nie je to znakom ,aby si prestal s pou\u017e\u00edvan\u00fdm. Rast ochlpenia na tv\u00e1ry je pre telo nie\u010do nov\u00e9. Poko\u017eka pod strniskom m\u00e1 nedostatok hidrat\u00e1cie a ostr\u00fdmi ch\u013apkami je podra\u017eden\u00e1 a \u010derven\u00e1. Je jednoduch\u0161ie si to u\u013eah\u010di\u0165 a pred\u00eds\u0165 v\u0161etk\u00fdm komplik\u00e1ciam, nemysl\u00ed\u0161 ? Nzabudni na d\u00f4le\u017eit\u00e9 pokyny: a to pravideln\u00e9 p\u00f4u\u017e\u00edvanie oleja a balzamu na bradu. Ak tvoj maj<\/p>\n<p>&nbsp;<\/p>\n<p>&nbsp;<\/p>\n<p>&nbsp;<\/p>\n<p>[\/et_pb_text][et_pb_text _builder_version=&#8221;4.23&#8243; _module_preset=&#8221;27ff2627-4070-4add-ac71-ef61ead9375f&#8221; text_font_size=&#8221;18px&#8221; text_line_height=&#8221;1.8em&#8221; custom_margin=&#8221;||10px||false|false&#8221; global_colors_info=&#8221;{}&#8221;]<\/p>\n<p class=\"p1\">\n<h2>tret\u00ed t\u00fd\u017ede\u0148<\/h2>\n<p>&nbsp;<\/p>\n<p>fMil\u00fd bud\u00faci brad\u00e1\u010d dovo\u013e aby som ti pogratulova\u013e. Naj\u0165a\u017eia \u010das\u0165 je za tebou! Tvoja brada by mala docieli\u0165 ten spr\u00fdvni tvar a \u0161kriabanie \u00faplne zmizn\u00fa\u0165. D\u00fafam ,\u017ee u\u017e m\u00e1\u0161 jasn\u00fa predstavu ako sa tvoja ,,hrdos\u0165\u2019\u2019 bude \u010falej ubera\u0165 a ak\u00fd tvar jej chce\u0161 docieli\u0165. D\u013a\u017eka brady dozrela na to, aby si zv\u00e1\u017eil pou\u017e\u00edvanie &#8211; \u0161amp\u00f3nu na bradu. Nie je to \u017eiadnou nutnos\u0165ou, ale pri pou\u017e\u00edvan\u00fd 2x do t\u00fd\u017ed\u0148a, ide\u00e1lne po\u010das sprchovania svo\u00f4jmu porastu len a len pom\u00f4\u017ee\u0161. Pri pou\u017e\u00edvan\u00ed \u0161amp\u00f3nu bude tvoja brada nie len \u010dist\u00e1, ale i pekne vo\u0148a\u0165 tebe aj tvojmu okoliu. Aj tento produk n\u00e1jde\u0161 u n\u00e1s a spolu vyberieme ten ide\u00e1lny pre tvoj typ brady.<\/p>\n<p>&nbsp;<\/p>\n<p>&nbsp;<\/p>\n<p>[\/et_pb_text][et_pb_text _builder_version=&#8221;4.21.0&#8243; _module_preset=&#8221;27ff2627-4070-4add-ac71-ef61ead9375f&#8221; custom_margin=&#8221;||10px||false|false&#8221; global_colors_info=&#8221;{}&#8221;]<\/p>\n<h2>\u0160tvrt\u00fd t\u00fd\u017ede\u0148<\/h2>\n<p>[\/et_pb_text][et_pb_text _builder_version=&#8221;4.23&#8243; _module_preset=&#8221;bd7e43c1-0007-4dde-b16d-b1db2e3cce06&#8243; max_width=&#8221;600px&#8221; global_colors_info=&#8221;{}&#8221;]<\/p>\n<p>V tomto \u010dase by malo by\u0165 u\u017e v\u0161etko v perfektnom stave, red\u0161ie miesta by mali by\u0165 vyplnen\u00e9 a brada by mala vyzera\u0165 ako skuto\u010dn\u00e1 brada. Posledn\u00e9 d\u00f4le\u017eit\u00e9 rozhodnutie je: \u010di bradu chce\u0161 pestova\u0165 do d\u013a\u017eky alebo ju len skracova\u0165 a upravova\u0165 do \u017eelan\u00e9ho stavu. Mo\u017eno d\u00e1\u0161 \u0161ancu \u00faplne in\u00e9mu \u0161t\u00fdlu, napr\u00edklad ak nezarast\u00e1\u0161 na l\u00edcasch. Aj st\u00fdm sa vieme popasova\u0165 a odporu\u010di\u0165 to spr\u00e1vne rie\u0161enie. Nech sa rozhodne\u0161 akoko\u013evek, teraz je ten spr\u00e1vny \u010das nav\u0161t\u00edvi\u0165 barbershop! Brada sa uprav\u00ed do po\u017eadov\u00e9ho stavu. Nmus\u00ed\u0161 sa b\u00e1\u0165. Nebude\u0161 musie\u0165 teraz chodi\u0165 ka\u017ed\u00fd t\u00fd\u017ede\u0148 ako na n\u00e1v\u0161tevu k psychol\u00f3govi! S barberom si odkonzultujete v\u0161etko potrebn\u00e9, popr\u00edpade ti vysvetl\u00ed, ako sa o bradu stara\u0165 aj v dom\u00e1com prostred\u00ed. <\/p>\n<p>[\/et_pb_text][et_pb_text _builder_version=&#8221;4.21.0&#8243; _module_preset=&#8221;bd7e43c1-0007-4dde-b16d-b1db2e3cce06&#8243; max_width=&#8221;600px&#8221; global_colors_info=&#8221;{}&#8221;][\/et_pb_text][et_pb_image src=&#8221;https:\/\/www.poulicnybarbershop.sk\/wp-content\/uploads\/2023\/11\/3-1.png&#8221; _builder_version=&#8221;4.23&#8243; _module_preset=&#8221;default&#8221; hover_enabled=&#8221;0&#8243; global_colors_info=&#8221;{}&#8221; title_text=&#8221;3&#8243; sticky_enabled=&#8221;0&#8243;][\/et_pb_image][\/et_pb_column][\/et_pb_row][\/et_pb_section][et_pb_section fb_built=&#8221;1&#8243; admin_label=&#8221;Step by Step&#8221; _builder_version=&#8221;4.21.0&#8243; _module_preset=&#8221;default&#8221; collapsed=&#8221;on&#8221; global_colors_info=&#8221;{}&#8221;][et_pb_row _builder_version=&#8221;4.16&#8243; _module_preset=&#8221;default&#8221; global_colors_info=&#8221;{}&#8221;][et_pb_column type=&#8221;4_4&#8243; _builder_version=&#8221;4.16&#8243; _module_preset=&#8221;default&#8221; custom_padding=&#8221;|||&#8221; global_colors_info=&#8221;{}&#8221; custom_padding__hover=&#8221;|||&#8221;][et_pb_divider color=&#8221;rgba(0,0,0,0.09)&#8221; divider_weight=&#8221;3px&#8221; _builder_version=&#8221;4.21.0&#8243; _module_preset=&#8221;default&#8221; global_colors_info=&#8221;{}&#8221;][\/et_pb_divider][\/et_pb_column][\/et_pb_row][\/et_pb_section]<\/p>\n","protected":false},"excerpt":{"rendered":"<p>Je \u010dast\u00e9 holenie recept na hust\u00fa bradu ?Zabudni na tento m\u00fdtus a zaho\u010f v\u0161etky \u017eiletky !Presta\u0148 sa holi\u0165! \u00a0 Aj ty si ur\u010dite rozm\u00fd\u0161lal nad t\u00fdm ,\u017ee si nech\u00e1\u0161 zapusti\u0165 tvoj sexi porast. Nemus\u00eds \u010daka\u0165 do novembra, k\u00fdm pr\u00edde v\u00fdzva MOVEMBER. V kr\u00e1tkosti\u2026 Jedn\u00e1 sa o celosvetov\u00fa akciu ktor\u00e1 vznikla v Ausstr\u00e1lii. Ich \u00fasil\u00edm bolo [&hellip;]<\/p>\n","protected":false},"author":1,"featured_media":0,"comment_status":"open","ping_status":"open","sticky":false,"template":"","format":"standard","meta":{"_et_pb_use_builder":"on","_et_pb_old_content":"","_et_gb_content_width":"","footnotes":""},"categories":[9],"tags":[],"class_list":["post-182","post","type-post","status-publish","format-standard","hentry","category-hlavne"],"_links":{"self":[{"href":"https:\/\/www.poulicnybarbershop.sk\/index.php?rest_route=\/wp\/v2\/posts\/182","targetHints":{"allow":["GET"]}}],"collection":[{"href":"https:\/\/www.poulicnybarbershop.sk\/index.php?rest_route=\/wp\/v2\/posts"}],"about":[{"href":"https:\/\/www.poulicnybarbershop.sk\/index.php?rest_route=\/wp\/v2\/types\/post"}],"author":[{"embeddable":true,"href":"https:\/\/www.poulicnybarbershop.sk\/index.php?rest_route=\/wp\/v2\/users\/1"}],"replies":[{"embeddable":true,"href":"https:\/\/www.poulicnybarbershop.sk\/index.php?rest_route=%2Fwp%2Fv2%2Fcomments&post=182"}],"version-history":[{"count":8,"href":"https:\/\/www.poulicnybarbershop.sk\/index.php?rest_route=\/wp\/v2\/posts\/182\/revisions"}],"predecessor-version":[{"id":246,"href":"https:\/\/www.poulicnybarbershop.sk\/index.php?rest_route=\/wp\/v2\/posts\/182\/revisions\/246"}],"wp:attachment":[{"href":"https:\/\/www.poulicnybarbershop.sk\/index.php?rest_route=%2Fwp%2Fv2%2Fmedia&parent=182"}],"wp:term":[{"taxonomy":"category","embeddable":true,"href":"https:\/\/www.poulicnybarbershop.sk\/index.php?rest_route=%2Fwp%2Fv2%2Fcategories&post=182"},{"taxonomy":"post_tag","embeddable":true,"href":"https:\/\/www.poulicnybarbershop.sk\/index.php?rest_route=%2Fwp%2Fv2%2Ftags&post=182"}],"curies":[{"name":"wp","href":"https:\/\/api.w.org\/{rel}","templated":true}]}}